{"id":1017,"date":"2017-05-30T14:35:21","date_gmt":"2017-05-30T17:35:21","guid":{"rendered":"https:\/\/www.agoraos.com.br\/blog\/?p=1017"},"modified":"2019-03-30T04:55:55","modified_gmt":"2019-03-30T07:55:55","slug":"por-que-colocar-cpf-na-nota","status":"publish","type":"post","link":"https:\/\/www.agoraos.com.br\/blog\/por-que-colocar-cpf-na-nota\/","title":{"rendered":"Por que colocar CPF na nota?"},"content":{"rendered":"<p><a href=\"https:\/\/www.agoraos.com.br\/sistema-erp\/\" target=\"_blank\" rel=\"noopener noreferrer\"><img loading=\"lazy\" decoding=\"async\" class=\"alignleft wp-image-1065 size-medium\" src=\"https:\/\/www.agoraos.com.br\/blog\/wp-content\/uploads\/2017\/05\/CPF-300x244.png\" alt=\"\" width=\"300\" height=\"244\" srcset=\"https:\/\/www.agoraos.com.br\/blog\/wp-content\/uploads\/2017\/05\/CPF-300x244.png 300w, https:\/\/www.agoraos.com.br\/blog\/wp-content\/uploads\/2017\/05\/CPF.png 436w\" sizes=\"auto, (max-width: 300px) 100vw, 300px\" \/><\/a>De uns tempos para c\u00e1, voc\u00ea j\u00e1 deve ter reparado que houve uma mudan\u00e7a na hora de encerrar uma compra.<\/p>\n<p>Antes mesmo de computar seus itens, o caixa do mercado ou a atendente da loja de conveni\u00eancias do posto de gasolina lan\u00e7a a pergunta: \u201cCPF na nota?\u201d.<\/p>\n<p>Voc\u00ea sabe o que est\u00e1 por tr\u00e1s desse questionamento?<\/p>\n<p>Afinal, para que colocar CPF na nota?<\/p>\n<h2><p><a href=\"https:\/\/www.agoraos.com.br\/lp\/sistema-erp\" target=\"_blank\" rel=\"noopener\"><img loading=\"lazy\" decoding=\"async\" class=\"alignleft wp-image-1810 size-full\" title=\"AgoraOS - Sistema ERP\" src=\"https:\/\/www.agoraos.com.br\/blog\/wp-content\/uploads\/2023\/10\/agoraos-text-block-apple-strong.jpg\" alt=\"\" width=\"577\" height=\"194\" srcset=\"https:\/\/www.agoraos.com.br\/blog\/wp-content\/uploads\/2023\/10\/agoraos-text-block-apple-strong.jpg 577w, https:\/\/www.agoraos.com.br\/blog\/wp-content\/uploads\/2023\/10\/agoraos-text-block-apple-strong-300x101.jpg 300w\" sizes=\"auto, (max-width: 577px) 100vw, 577px\" \/><\/a><\/p>\n<\/h2>\n<h2>O que significa inserir o CPF na nota<\/h2>\n<p>A iniciativa de inserir o CPF na nota vem dos governos estaduais, em uma tentativa nacional de conter a sonega\u00e7\u00e3o de impostos e aumentar o controle sobre a tributa\u00e7\u00e3o fiscal de cada estabelecimento.<\/p>\n<p>Quando se insere um CPF na nota no ato da compra, se est\u00e1 atribuindo aquela transa\u00e7\u00e3o a uma pessoa f\u00edsica, o que atesta a veracidade da compra. Isso dificulta a emiss\u00e3o e processamento de notas frias, por exemplo, al\u00e9m de outras modalidades de fraudes fiscais.<\/p>\n<p>Os estados t\u00eam autonomia, por ora, para escolher se entram ou n\u00e3o no programa e tamb\u00e9m para decidir quais ser\u00e3o as vantagens e benef\u00edcios oferecidos ao consumidor que acaba optando por colocar seu CPF na nota fiscal.<\/p>\n<p>At\u00e9 o momento, 11 estados brasileiros e o Distrito Federal j\u00e1 possuem seus pr\u00f3prios programas de CPF na nota.<\/p>\n<h2>Benef\u00edcios de colocar o CPF na nota<\/h2>\n<p>Os benef\u00edcios concedidos aos consumidores que colocam CPF na nota variam muito de estado para estado.<\/p>\n<p>Um dos pioneiros na ado\u00e7\u00e3o da iniciativa, o <strong>Rio Grande do Su<\/strong>l tem, desde 2012, o sistema Nota Fiscal Ga\u00facha. Atrav\u00e9s dele, o consumidor pode acessar o site do programa e cadastrar seus dados e, consequentemente, notas fiscais em que inseriu seu CPF.<\/p>\n<p>Os consumidores que efetuam o cadastro concorrem a diversos pr\u00eamios, distribu\u00eddos atrav\u00e9s de sorteio. As premia\u00e7\u00f5es podem chegar ao valor atrativo de um milh\u00e3o de reais.<\/p>\n<p>Al\u00e9m disso, o consumidor cadastrado pode selecionar algumas entidades, ONGs e institui\u00e7\u00f5es sociais de sua prefer\u00eancia para receberem repasses financeiros, transformando o programa em algo ainda mais justo e solid\u00e1rio.<\/p>\n<p>J\u00e1 em <strong>S\u00e3o Paulo<\/strong>, o programa Nota Fiscal Paulista tamb\u00e9m trabalha com o sistema de sorteios de pr\u00eamios organizados pela Secretaria da Fazenda, e tamb\u00e9m devolve os 30% do Imposto Sobre Circula\u00e7\u00e3o de Mercadorias e Servi\u00e7os (o famoso ICMS).<\/p>\n<p>Ao informar o CPF na nota, o consumidor adquire cr\u00e9ditos equivalentes aos 30% de ICMS junto ao governo do estado. A partir disso, pode decidir de que forma receber\u00e1 o valor equivalente a esses cr\u00e9ditos.<\/p>\n<p>Al\u00e9m disso, a Secretaria da Fazenda do Estado de S\u00e3o Paulo tamb\u00e9m permite que o consumidor possa juntar esses cr\u00e9ditos e optar por, a cada 5 anos, us\u00e1-los para abater o valor acumulado do IPVA.<\/p>\n<p>Agora voc\u00ea j\u00e1 sabe que colocar CPF na nota \u00e9 s\u00f3 vantagens e que, quando algu\u00e9m perguntar se voc\u00ea deseja \u201cCPF na nota?\u201d, responder afirmativamente s\u00f3 trar\u00e1 vantagens.<\/p>\n<p>E lembre-se: caso essa op\u00e7\u00e3o n\u00e3o seja oferecida a voc\u00ea no ato da compra, o consumidor tem o direito de ele mesmo solicitar a inclus\u00e3o de seu n\u00famero de CPF no cupom fiscal.<\/p>\n<p>Fa\u00e7a valer o seu direito!<\/p>\n","protected":false},"excerpt":{"rendered":"<p>De uns tempos para c\u00e1, voc\u00ea j\u00e1 deve ter reparado que houve uma mudan\u00e7a na hora de encerrar uma compra. Antes mesmo de computar seus itens, o caixa do mercado ou a atendente da loja de conveni\u00eancias do posto de gasolina lan\u00e7a a pergunta: \u201cCPF na nota?\u201d. Voc\u00ea sabe o que est\u00e1 por tr\u00e1s desse [&hellip;]<\/p>\n","protected":false},"author":1,"featured_media":1065,"comment_status":"closed","ping_status":"closed","sticky":false,"template":"","format":"standard","meta":{"two_page_speed":[],"footnotes":""},"categories":[58],"tags":[482,484,483,485],"class_list":["post-1017","post","type-post","status-publish","format-standard","has-post-thumbnail","hentry","category-nota-fiscal","tag-cpf-na-nota","tag-nota-gaucha","tag-nota-paulista","tag-para-que-colocar-cpf-na-nota"],"yoast_head":"<!-- This site is optimized with the Yoast SEO plugin v27.5 - https:\/\/yoast.com\/product\/yoast-seo-wordpress\/ -->\n<title>Por que colocar CPF na nota? - Sistema ERP AgoraOS | BLOG<\/title>\n<meta name=\"robots\" content=\"index, follow, max-snippet:-1, max-image-preview:large, max-video-preview:-1\" \/>\n<link rel=\"canonical\" href=\"https:\/\/www.agoraos.com.br\/blog\/por-que-colocar-cpf-na-nota\/\" \/>\n<meta property=\"og:locale\" content=\"pt_BR\" \/>\n<meta property=\"og:type\" content=\"article\" \/>\n<meta property=\"og:title\" content=\"Por que colocar CPF na nota? - Sistema ERP AgoraOS | BLOG\" \/>\n<meta property=\"og:description\" content=\"De uns tempos para c\u00e1, voc\u00ea j\u00e1 deve ter reparado que houve uma mudan\u00e7a na hora de encerrar uma compra. Antes mesmo de computar seus itens, o caixa do mercado ou a atendente da loja de conveni\u00eancias do posto de gasolina lan\u00e7a a pergunta: \u201cCPF na nota?\u201d. Voc\u00ea sabe o que est\u00e1 por tr\u00e1s desse [&hellip;]\" \/>\n<meta property=\"og:url\" content=\"https:\/\/www.agoraos.com.br\/blog\/por-que-colocar-cpf-na-nota\/\" \/>\n<meta property=\"og:site_name\" content=\"Sistema ERP AgoraOS | BLOG\" \/>\n<meta property=\"article:published_time\" content=\"2017-05-30T17:35:21+00:00\" \/>\n<meta property=\"article:modified_time\" content=\"2019-03-30T07:55:55+00:00\" \/>\n<meta property=\"og:image\" content=\"https:\/\/www.agoraos.com.br\/blog\/wp-content\/uploads\/2017\/05\/CPF.png\" \/>\n\t<meta property=\"og:image:width\" content=\"436\" \/>\n\t<meta property=\"og:image:height\" content=\"355\" \/>\n\t<meta property=\"og:image:type\" content=\"image\/png\" \/>\n<meta name=\"author\" content=\"Ramiro Cavalcanti\" \/>\n<meta name=\"twitter:label1\" content=\"Escrito por\" \/>\n\t<meta name=\"twitter:data1\" content=\"Ramiro Cavalcanti\" \/>\n\t<meta name=\"twitter:label2\" content=\"Est. tempo de leitura\" \/>\n\t<meta name=\"twitter:data2\" content=\"3 minutos\" \/>\n<script type=\"application\/ld+json\" class=\"yoast-schema-graph\">{\"@context\":\"https:\\\/\\\/schema.org\",\"@graph\":[{\"@type\":\"Article\",\"@id\":\"https:\\\/\\\/www.agoraos.com.br\\\/blog\\\/por-que-colocar-cpf-na-nota\\\/#article\",\"isPartOf\":{\"@id\":\"https:\\\/\\\/www.agoraos.com.br\\\/blog\\\/por-que-colocar-cpf-na-nota\\\/\"},\"author\":{\"name\":\"Ramiro Cavalcanti\",\"@id\":\"https:\\\/\\\/www.agoraos.com.br\\\/blog\\\/#\\\/schema\\\/person\\\/765d09633cf12bbd969c6d703e3dbed2\"},\"headline\":\"Por que colocar CPF na nota?\",\"datePublished\":\"2017-05-30T17:35:21+00:00\",\"dateModified\":\"2019-03-30T07:55:55+00:00\",\"mainEntityOfPage\":{\"@id\":\"https:\\\/\\\/www.agoraos.com.br\\\/blog\\\/por-que-colocar-cpf-na-nota\\\/\"},\"wordCount\":555,\"image\":{\"@id\":\"https:\\\/\\\/www.agoraos.com.br\\\/blog\\\/por-que-colocar-cpf-na-nota\\\/#primaryimage\"},\"thumbnailUrl\":\"https:\\\/\\\/www.agoraos.com.br\\\/blog\\\/wp-content\\\/uploads\\\/2017\\\/05\\\/CPF.png\",\"keywords\":[\"cpf na nota\",\"nota gaucha\",\"nota paulista\",\"para que colocar CPF na nota\"],\"articleSection\":[\"Nota Fiscal\"],\"inLanguage\":\"pt-BR\"},{\"@type\":\"WebPage\",\"@id\":\"https:\\\/\\\/www.agoraos.com.br\\\/blog\\\/por-que-colocar-cpf-na-nota\\\/\",\"url\":\"https:\\\/\\\/www.agoraos.com.br\\\/blog\\\/por-que-colocar-cpf-na-nota\\\/\",\"name\":\"Por que colocar CPF na nota? - Sistema ERP AgoraOS | BLOG\",\"isPartOf\":{\"@id\":\"https:\\\/\\\/www.agoraos.com.br\\\/blog\\\/#website\"},\"primaryImageOfPage\":{\"@id\":\"https:\\\/\\\/www.agoraos.com.br\\\/blog\\\/por-que-colocar-cpf-na-nota\\\/#primaryimage\"},\"image\":{\"@id\":\"https:\\\/\\\/www.agoraos.com.br\\\/blog\\\/por-que-colocar-cpf-na-nota\\\/#primaryimage\"},\"thumbnailUrl\":\"https:\\\/\\\/www.agoraos.com.br\\\/blog\\\/wp-content\\\/uploads\\\/2017\\\/05\\\/CPF.png\",\"datePublished\":\"2017-05-30T17:35:21+00:00\",\"dateModified\":\"2019-03-30T07:55:55+00:00\",\"author\":{\"@id\":\"https:\\\/\\\/www.agoraos.com.br\\\/blog\\\/#\\\/schema\\\/person\\\/765d09633cf12bbd969c6d703e3dbed2\"},\"breadcrumb\":{\"@id\":\"https:\\\/\\\/www.agoraos.com.br\\\/blog\\\/por-que-colocar-cpf-na-nota\\\/#breadcrumb\"},\"inLanguage\":\"pt-BR\",\"potentialAction\":[{\"@type\":\"ReadAction\",\"target\":[\"https:\\\/\\\/www.agoraos.com.br\\\/blog\\\/por-que-colocar-cpf-na-nota\\\/\"]}]},{\"@type\":\"ImageObject\",\"inLanguage\":\"pt-BR\",\"@id\":\"https:\\\/\\\/www.agoraos.com.br\\\/blog\\\/por-que-colocar-cpf-na-nota\\\/#primaryimage\",\"url\":\"https:\\\/\\\/www.agoraos.com.br\\\/blog\\\/wp-content\\\/uploads\\\/2017\\\/05\\\/CPF.png\",\"contentUrl\":\"https:\\\/\\\/www.agoraos.com.br\\\/blog\\\/wp-content\\\/uploads\\\/2017\\\/05\\\/CPF.png\",\"width\":436,\"height\":355},{\"@type\":\"BreadcrumbList\",\"@id\":\"https:\\\/\\\/www.agoraos.com.br\\\/blog\\\/por-que-colocar-cpf-na-nota\\\/#breadcrumb\",\"itemListElement\":[{\"@type\":\"ListItem\",\"position\":1,\"name\":\"Home\",\"item\":\"https:\\\/\\\/www.agoraos.com.br\\\/blog\\\/\"},{\"@type\":\"ListItem\",\"position\":2,\"name\":\"Por que colocar CPF na nota?\"}]},{\"@type\":\"WebSite\",\"@id\":\"https:\\\/\\\/www.agoraos.com.br\\\/blog\\\/#website\",\"url\":\"https:\\\/\\\/www.agoraos.com.br\\\/blog\\\/\",\"name\":\"Sistema ERP AgoraOS | BLOG\",\"description\":\"Blog do software Agora OS\",\"potentialAction\":[{\"@type\":\"SearchAction\",\"target\":{\"@type\":\"EntryPoint\",\"urlTemplate\":\"https:\\\/\\\/www.agoraos.com.br\\\/blog\\\/?s={search_term_string}\"},\"query-input\":{\"@type\":\"PropertyValueSpecification\",\"valueRequired\":true,\"valueName\":\"search_term_string\"}}],\"inLanguage\":\"pt-BR\"},{\"@type\":\"Person\",\"@id\":\"https:\\\/\\\/www.agoraos.com.br\\\/blog\\\/#\\\/schema\\\/person\\\/765d09633cf12bbd969c6d703e3dbed2\",\"name\":\"Ramiro Cavalcanti\",\"image\":{\"@type\":\"ImageObject\",\"inLanguage\":\"pt-BR\",\"@id\":\"https:\\\/\\\/secure.gravatar.com\\\/avatar\\\/1d260dec26766b2ca1864234d4f3929ac7b5808f18b9d9492804748600987a93?s=96&d=mm&r=g\",\"url\":\"https:\\\/\\\/secure.gravatar.com\\\/avatar\\\/1d260dec26766b2ca1864234d4f3929ac7b5808f18b9d9492804748600987a93?s=96&d=mm&r=g\",\"contentUrl\":\"https:\\\/\\\/secure.gravatar.com\\\/avatar\\\/1d260dec26766b2ca1864234d4f3929ac7b5808f18b9d9492804748600987a93?s=96&d=mm&r=g\",\"caption\":\"Ramiro Cavalcanti\"},\"sameAs\":[\"http:\\\/\\\/www.agoraos.com.br\"],\"url\":\"https:\\\/\\\/www.agoraos.com.br\\\/blog\\\/author\\\/admin\\\/\"}]}<\/script>\n<!-- \/ Yoast SEO plugin. -->","yoast_head_json":{"title":"Por que colocar CPF na nota? - Sistema ERP AgoraOS | BLOG","robots":{"index":"index","follow":"follow","max-snippet":"max-snippet:-1","max-image-preview":"max-image-preview:large","max-video-preview":"max-video-preview:-1"},"canonical":"https:\/\/www.agoraos.com.br\/blog\/por-que-colocar-cpf-na-nota\/","og_locale":"pt_BR","og_type":"article","og_title":"Por que colocar CPF na nota? - Sistema ERP AgoraOS | BLOG","og_description":"De uns tempos para c\u00e1, voc\u00ea j\u00e1 deve ter reparado que houve uma mudan\u00e7a na hora de encerrar uma compra. Antes mesmo de computar seus itens, o caixa do mercado ou a atendente da loja de conveni\u00eancias do posto de gasolina lan\u00e7a a pergunta: \u201cCPF na nota?\u201d. Voc\u00ea sabe o que est\u00e1 por tr\u00e1s desse [&hellip;]","og_url":"https:\/\/www.agoraos.com.br\/blog\/por-que-colocar-cpf-na-nota\/","og_site_name":"Sistema ERP AgoraOS | BLOG","article_published_time":"2017-05-30T17:35:21+00:00","article_modified_time":"2019-03-30T07:55:55+00:00","og_image":[{"width":436,"height":355,"url":"https:\/\/www.agoraos.com.br\/blog\/wp-content\/uploads\/2017\/05\/CPF.png","type":"image\/png"}],"author":"Ramiro Cavalcanti","twitter_misc":{"Escrito por":"Ramiro Cavalcanti","Est. tempo de leitura":"3 minutos"},"schema":{"@context":"https:\/\/schema.org","@graph":[{"@type":"Article","@id":"https:\/\/www.agoraos.com.br\/blog\/por-que-colocar-cpf-na-nota\/#article","isPartOf":{"@id":"https:\/\/www.agoraos.com.br\/blog\/por-que-colocar-cpf-na-nota\/"},"author":{"name":"Ramiro Cavalcanti","@id":"https:\/\/www.agoraos.com.br\/blog\/#\/schema\/person\/765d09633cf12bbd969c6d703e3dbed2"},"headline":"Por que colocar CPF na nota?","datePublished":"2017-05-30T17:35:21+00:00","dateModified":"2019-03-30T07:55:55+00:00","mainEntityOfPage":{"@id":"https:\/\/www.agoraos.com.br\/blog\/por-que-colocar-cpf-na-nota\/"},"wordCount":555,"image":{"@id":"https:\/\/www.agoraos.com.br\/blog\/por-que-colocar-cpf-na-nota\/#primaryimage"},"thumbnailUrl":"https:\/\/www.agoraos.com.br\/blog\/wp-content\/uploads\/2017\/05\/CPF.png","keywords":["cpf na nota","nota gaucha","nota paulista","para que colocar CPF na nota"],"articleSection":["Nota Fiscal"],"inLanguage":"pt-BR"},{"@type":"WebPage","@id":"https:\/\/www.agoraos.com.br\/blog\/por-que-colocar-cpf-na-nota\/","url":"https:\/\/www.agoraos.com.br\/blog\/por-que-colocar-cpf-na-nota\/","name":"Por que colocar CPF na nota? - Sistema ERP AgoraOS | BLOG","isPartOf":{"@id":"https:\/\/www.agoraos.com.br\/blog\/#website"},"primaryImageOfPage":{"@id":"https:\/\/www.agoraos.com.br\/blog\/por-que-colocar-cpf-na-nota\/#primaryimage"},"image":{"@id":"https:\/\/www.agoraos.com.br\/blog\/por-que-colocar-cpf-na-nota\/#primaryimage"},"thumbnailUrl":"https:\/\/www.agoraos.com.br\/blog\/wp-content\/uploads\/2017\/05\/CPF.png","datePublished":"2017-05-30T17:35:21+00:00","dateModified":"2019-03-30T07:55:55+00:00","author":{"@id":"https:\/\/www.agoraos.com.br\/blog\/#\/schema\/person\/765d09633cf12bbd969c6d703e3dbed2"},"breadcrumb":{"@id":"https:\/\/www.agoraos.com.br\/blog\/por-que-colocar-cpf-na-nota\/#breadcrumb"},"inLanguage":"pt-BR","potentialAction":[{"@type":"ReadAction","target":["https:\/\/www.agoraos.com.br\/blog\/por-que-colocar-cpf-na-nota\/"]}]},{"@type":"ImageObject","inLanguage":"pt-BR","@id":"https:\/\/www.agoraos.com.br\/blog\/por-que-colocar-cpf-na-nota\/#primaryimage","url":"https:\/\/www.agoraos.com.br\/blog\/wp-content\/uploads\/2017\/05\/CPF.png","contentUrl":"https:\/\/www.agoraos.com.br\/blog\/wp-content\/uploads\/2017\/05\/CPF.png","width":436,"height":355},{"@type":"BreadcrumbList","@id":"https:\/\/www.agoraos.com.br\/blog\/por-que-colocar-cpf-na-nota\/#breadcrumb","itemListElement":[{"@type":"ListItem","position":1,"name":"Home","item":"https:\/\/www.agoraos.com.br\/blog\/"},{"@type":"ListItem","position":2,"name":"Por que colocar CPF na nota?"}]},{"@type":"WebSite","@id":"https:\/\/www.agoraos.com.br\/blog\/#website","url":"https:\/\/www.agoraos.com.br\/blog\/","name":"Sistema ERP AgoraOS | BLOG","description":"Blog do software Agora OS","potentialAction":[{"@type":"SearchAction","target":{"@type":"EntryPoint","urlTemplate":"https:\/\/www.agoraos.com.br\/blog\/?s={search_term_string}"},"query-input":{"@type":"PropertyValueSpecification","valueRequired":true,"valueName":"search_term_string"}}],"inLanguage":"pt-BR"},{"@type":"Person","@id":"https:\/\/www.agoraos.com.br\/blog\/#\/schema\/person\/765d09633cf12bbd969c6d703e3dbed2","name":"Ramiro Cavalcanti","image":{"@type":"ImageObject","inLanguage":"pt-BR","@id":"https:\/\/secure.gravatar.com\/avatar\/1d260dec26766b2ca1864234d4f3929ac7b5808f18b9d9492804748600987a93?s=96&d=mm&r=g","url":"https:\/\/secure.gravatar.com\/avatar\/1d260dec26766b2ca1864234d4f3929ac7b5808f18b9d9492804748600987a93?s=96&d=mm&r=g","contentUrl":"https:\/\/secure.gravatar.com\/avatar\/1d260dec26766b2ca1864234d4f3929ac7b5808f18b9d9492804748600987a93?s=96&d=mm&r=g","caption":"Ramiro Cavalcanti"},"sameAs":["http:\/\/www.agoraos.com.br"],"url":"https:\/\/www.agoraos.com.br\/blog\/author\/admin\/"}]}},"_links":{"self":[{"href":"https:\/\/www.agoraos.com.br\/blog\/wp-json\/wp\/v2\/posts\/1017","targetHints":{"allow":["GET"]}}],"collection":[{"href":"https:\/\/www.agoraos.com.br\/blog\/wp-json\/wp\/v2\/posts"}],"about":[{"href":"https:\/\/www.agoraos.com.br\/blog\/wp-json\/wp\/v2\/types\/post"}],"author":[{"embeddable":true,"href":"https:\/\/www.agoraos.com.br\/blog\/wp-json\/wp\/v2\/users\/1"}],"replies":[{"embeddable":true,"href":"https:\/\/www.agoraos.com.br\/blog\/wp-json\/wp\/v2\/comments?post=1017"}],"version-history":[{"count":2,"href":"https:\/\/www.agoraos.com.br\/blog\/wp-json\/wp\/v2\/posts\/1017\/revisions"}],"predecessor-version":[{"id":1066,"href":"https:\/\/www.agoraos.com.br\/blog\/wp-json\/wp\/v2\/posts\/1017\/revisions\/1066"}],"wp:featuredmedia":[{"embeddable":true,"href":"https:\/\/www.agoraos.com.br\/blog\/wp-json\/wp\/v2\/media\/1065"}],"wp:attachment":[{"href":"https:\/\/www.agoraos.com.br\/blog\/wp-json\/wp\/v2\/media?parent=1017"}],"wp:term":[{"taxonomy":"category","embeddable":true,"href":"https:\/\/www.agoraos.com.br\/blog\/wp-json\/wp\/v2\/categories?post=1017"},{"taxonomy":"post_tag","embeddable":true,"href":"https:\/\/www.agoraos.com.br\/blog\/wp-json\/wp\/v2\/tags?post=1017"}],"curies":[{"name":"wp","href":"https:\/\/api.w.org\/{rel}","templated":true}]}}