{"id":272,"date":"2017-01-17T03:40:52","date_gmt":"2017-01-17T05:40:52","guid":{"rendered":"https:\/\/www.agoraos.com.br\/blog\/?p=272"},"modified":"2019-03-30T05:03:55","modified_gmt":"2019-03-30T08:03:55","slug":"reparo-de-equipamentos-eletronicos-cresce-28-com-relacao-2015-jornal-hoje","status":"publish","type":"post","link":"https:\/\/www.agoraos.com.br\/blog\/reparo-de-equipamentos-eletronicos-cresce-28-com-relacao-2015-jornal-hoje\/","title":{"rendered":"Reparo de equipamentos eletr\u00f4nicos cresce 28% com rela\u00e7\u00e3o a 2015 &#8211; Jornal Hoje"},"content":{"rendered":"<blockquote><p>Momento est\u00e1 ruim para o com\u00e9rcio, mas est\u00e1 \u00f3timo para oficinas de conserto.<br \/>\nEm tempos de crise, consumidor est\u00e1 mudando o comportamento.<\/p>\n<p>A crise na economia tem feito muitos consumidores desistirem da compra de aparelhos de eletrodom\u00e9sticos novos e investirem no conserto de produtos. Prova disso \u00e9 que a procura por servi\u00e7os de conserto em assist\u00eancias t\u00e9cnicas em Campinas (SP) cresceu 20% nos \u00faltimos meses.<\/p><\/blockquote>\n<p><strong>Ver mat\u00e9ria completa em:\u00a0<\/strong><br \/>\n<a href=\"http:\/\/g1.globo.com\/jornal-hoje\/noticia\/2016\/07\/reparo-de-equipamentos-eletronicos-cresce-28-com-relacao-2015.html\" target=\"_blank\" rel=\"noopener noreferrer\">http:\/\/g1.globo.com\/jornal-hoje\/noticia\/2016\/07\/reparo-de-equipamentos-eletronicos-cresce-28-com-relacao-2015.html<\/a><\/p>\n<p>O AgoraOS \u00e9 um software para assist\u00eancias t\u00e9cnicas e gera\u00e7\u00e3o de Ordem de Servi\u00e7os.<\/p>\n<a href=\"https:\/\/www.agoraos.com.br\/lp\/sistema-erp\" target=\"_blank\" rel=\"noopener\"><img loading=\"lazy\" decoding=\"async\" class=\"alignleft wp-image-1810 size-full\" title=\"AgoraOS - Sistema ERP\" src=\"https:\/\/www.agoraos.com.br\/blog\/wp-content\/uploads\/2023\/10\/agoraos-text-block-apple-strong.jpg\" alt=\"\" width=\"577\" height=\"194\" srcset=\"https:\/\/www.agoraos.com.br\/blog\/wp-content\/uploads\/2023\/10\/agoraos-text-block-apple-strong.jpg 577w, https:\/\/www.agoraos.com.br\/blog\/wp-content\/uploads\/2023\/10\/agoraos-text-block-apple-strong-300x101.jpg 300w\" sizes=\"auto, (max-width: 577px) 100vw, 577px\" \/><\/a>\n","protected":false},"excerpt":{"rendered":"<p>Momento est\u00e1 ruim para o com\u00e9rcio, mas est\u00e1 \u00f3timo para oficinas de conserto. Em tempos de crise, consumidor est\u00e1 mudando o comportamento. A crise na economia tem feito muitos consumidores desistirem da compra de aparelhos de eletrodom\u00e9sticos novos e investirem no conserto de produtos. Prova disso \u00e9 que a procura por servi\u00e7os de conserto em [&hellip;]<\/p>\n","protected":false},"author":1,"featured_media":280,"comment_status":"closed","ping_status":"open","sticky":false,"template":"","format":"standard","meta":{"two_page_speed":[],"footnotes":""},"categories":[1],"tags":[],"class_list":["post-272","post","type-post","status-publish","format-standard","has-post-thumbnail","hentry","category-modulos"],"yoast_head":"<!-- This site is optimized with the Yoast SEO plugin v27.5 - https:\/\/yoast.com\/product\/yoast-seo-wordpress\/ -->\n<title>Reparo de equipamentos eletr\u00f4nicos cresce 28% com rela\u00e7\u00e3o a 2015 - Jornal Hoje - Sistema ERP AgoraOS | BLOG<\/title>\n<meta name=\"robots\" content=\"index, follow, max-snippet:-1, max-image-preview:large, max-video-preview:-1\" \/>\n<link rel=\"canonical\" href=\"https:\/\/www.agoraos.com.br\/blog\/reparo-de-equipamentos-eletronicos-cresce-28-com-relacao-2015-jornal-hoje\/\" \/>\n<meta property=\"og:locale\" content=\"pt_BR\" \/>\n<meta property=\"og:type\" content=\"article\" \/>\n<meta property=\"og:title\" content=\"Reparo de equipamentos eletr\u00f4nicos cresce 28% com rela\u00e7\u00e3o a 2015 - Jornal Hoje - Sistema ERP AgoraOS | BLOG\" \/>\n<meta property=\"og:description\" content=\"Momento est\u00e1 ruim para o com\u00e9rcio, mas est\u00e1 \u00f3timo para oficinas de conserto. Em tempos de crise, consumidor est\u00e1 mudando o comportamento. A crise na economia tem feito muitos consumidores desistirem da compra de aparelhos de eletrodom\u00e9sticos novos e investirem no conserto de produtos. Prova disso \u00e9 que a procura por servi\u00e7os de conserto em [&hellip;]\" \/>\n<meta property=\"og:url\" content=\"https:\/\/www.agoraos.com.br\/blog\/reparo-de-equipamentos-eletronicos-cresce-28-com-relacao-2015-jornal-hoje\/\" \/>\n<meta property=\"og:site_name\" content=\"Sistema ERP AgoraOS | BLOG\" \/>\n<meta property=\"article:published_time\" content=\"2017-01-17T05:40:52+00:00\" \/>\n<meta property=\"article:modified_time\" content=\"2019-03-30T08:03:55+00:00\" \/>\n<meta property=\"og:image\" content=\"https:\/\/www.agoraos.com.br\/blog\/wp-content\/uploads\/2017\/01\/0cliente-1.jpg\" \/>\n\t<meta property=\"og:image:width\" content=\"1200\" \/>\n\t<meta property=\"og:image:height\" content=\"800\" \/>\n\t<meta property=\"og:image:type\" content=\"image\/jpeg\" \/>\n<meta name=\"author\" content=\"Ramiro Cavalcanti\" \/>\n<meta name=\"twitter:label1\" content=\"Escrito por\" \/>\n\t<meta name=\"twitter:data1\" content=\"Ramiro Cavalcanti\" \/>\n\t<meta name=\"twitter:label2\" content=\"Est. tempo de leitura\" \/>\n\t<meta name=\"twitter:data2\" content=\"1 minuto\" \/>\n<script type=\"application\/ld+json\" class=\"yoast-schema-graph\">{\"@context\":\"https:\\\/\\\/schema.org\",\"@graph\":[{\"@type\":\"Article\",\"@id\":\"https:\\\/\\\/www.agoraos.com.br\\\/blog\\\/reparo-de-equipamentos-eletronicos-cresce-28-com-relacao-2015-jornal-hoje\\\/#article\",\"isPartOf\":{\"@id\":\"https:\\\/\\\/www.agoraos.com.br\\\/blog\\\/reparo-de-equipamentos-eletronicos-cresce-28-com-relacao-2015-jornal-hoje\\\/\"},\"author\":{\"name\":\"Ramiro Cavalcanti\",\"@id\":\"https:\\\/\\\/www.agoraos.com.br\\\/blog\\\/#\\\/schema\\\/person\\\/765d09633cf12bbd969c6d703e3dbed2\"},\"headline\":\"Reparo de equipamentos eletr\u00f4nicos cresce 28% com rela\u00e7\u00e3o a 2015 &#8211; Jornal Hoje\",\"datePublished\":\"2017-01-17T05:40:52+00:00\",\"dateModified\":\"2019-03-30T08:03:55+00:00\",\"mainEntityOfPage\":{\"@id\":\"https:\\\/\\\/www.agoraos.com.br\\\/blog\\\/reparo-de-equipamentos-eletronicos-cresce-28-com-relacao-2015-jornal-hoje\\\/\"},\"wordCount\":116,\"image\":{\"@id\":\"https:\\\/\\\/www.agoraos.com.br\\\/blog\\\/reparo-de-equipamentos-eletronicos-cresce-28-com-relacao-2015-jornal-hoje\\\/#primaryimage\"},\"thumbnailUrl\":\"https:\\\/\\\/www.agoraos.com.br\\\/blog\\\/wp-content\\\/uploads\\\/2017\\\/01\\\/0cliente-1.jpg\",\"articleSection\":[\"M\u00f3dulos\"],\"inLanguage\":\"pt-BR\"},{\"@type\":\"WebPage\",\"@id\":\"https:\\\/\\\/www.agoraos.com.br\\\/blog\\\/reparo-de-equipamentos-eletronicos-cresce-28-com-relacao-2015-jornal-hoje\\\/\",\"url\":\"https:\\\/\\\/www.agoraos.com.br\\\/blog\\\/reparo-de-equipamentos-eletronicos-cresce-28-com-relacao-2015-jornal-hoje\\\/\",\"name\":\"Reparo de equipamentos eletr\u00f4nicos cresce 28% com rela\u00e7\u00e3o a 2015 - Jornal Hoje - Sistema ERP AgoraOS | BLOG\",\"isPartOf\":{\"@id\":\"https:\\\/\\\/www.agoraos.com.br\\\/blog\\\/#website\"},\"primaryImageOfPage\":{\"@id\":\"https:\\\/\\\/www.agoraos.com.br\\\/blog\\\/reparo-de-equipamentos-eletronicos-cresce-28-com-relacao-2015-jornal-hoje\\\/#primaryimage\"},\"image\":{\"@id\":\"https:\\\/\\\/www.agoraos.com.br\\\/blog\\\/reparo-de-equipamentos-eletronicos-cresce-28-com-relacao-2015-jornal-hoje\\\/#primaryimage\"},\"thumbnailUrl\":\"https:\\\/\\\/www.agoraos.com.br\\\/blog\\\/wp-content\\\/uploads\\\/2017\\\/01\\\/0cliente-1.jpg\",\"datePublished\":\"2017-01-17T05:40:52+00:00\",\"dateModified\":\"2019-03-30T08:03:55+00:00\",\"author\":{\"@id\":\"https:\\\/\\\/www.agoraos.com.br\\\/blog\\\/#\\\/schema\\\/person\\\/765d09633cf12bbd969c6d703e3dbed2\"},\"breadcrumb\":{\"@id\":\"https:\\\/\\\/www.agoraos.com.br\\\/blog\\\/reparo-de-equipamentos-eletronicos-cresce-28-com-relacao-2015-jornal-hoje\\\/#breadcrumb\"},\"inLanguage\":\"pt-BR\",\"potentialAction\":[{\"@type\":\"ReadAction\",\"target\":[\"https:\\\/\\\/www.agoraos.com.br\\\/blog\\\/reparo-de-equipamentos-eletronicos-cresce-28-com-relacao-2015-jornal-hoje\\\/\"]}]},{\"@type\":\"ImageObject\",\"inLanguage\":\"pt-BR\",\"@id\":\"https:\\\/\\\/www.agoraos.com.br\\\/blog\\\/reparo-de-equipamentos-eletronicos-cresce-28-com-relacao-2015-jornal-hoje\\\/#primaryimage\",\"url\":\"https:\\\/\\\/www.agoraos.com.br\\\/blog\\\/wp-content\\\/uploads\\\/2017\\\/01\\\/0cliente-1.jpg\",\"contentUrl\":\"https:\\\/\\\/www.agoraos.com.br\\\/blog\\\/wp-content\\\/uploads\\\/2017\\\/01\\\/0cliente-1.jpg\",\"width\":1200,\"height\":800},{\"@type\":\"BreadcrumbList\",\"@id\":\"https:\\\/\\\/www.agoraos.com.br\\\/blog\\\/reparo-de-equipamentos-eletronicos-cresce-28-com-relacao-2015-jornal-hoje\\\/#breadcrumb\",\"itemListElement\":[{\"@type\":\"ListItem\",\"position\":1,\"name\":\"Home\",\"item\":\"https:\\\/\\\/www.agoraos.com.br\\\/blog\\\/\"},{\"@type\":\"ListItem\",\"position\":2,\"name\":\"Reparo de equipamentos eletr\u00f4nicos cresce 28% com rela\u00e7\u00e3o a 2015 &#8211; Jornal Hoje\"}]},{\"@type\":\"WebSite\",\"@id\":\"https:\\\/\\\/www.agoraos.com.br\\\/blog\\\/#website\",\"url\":\"https:\\\/\\\/www.agoraos.com.br\\\/blog\\\/\",\"name\":\"Sistema ERP AgoraOS | BLOG\",\"description\":\"Blog do software Agora OS\",\"potentialAction\":[{\"@type\":\"SearchAction\",\"target\":{\"@type\":\"EntryPoint\",\"urlTemplate\":\"https:\\\/\\\/www.agoraos.com.br\\\/blog\\\/?s={search_term_string}\"},\"query-input\":{\"@type\":\"PropertyValueSpecification\",\"valueRequired\":true,\"valueName\":\"search_term_string\"}}],\"inLanguage\":\"pt-BR\"},{\"@type\":\"Person\",\"@id\":\"https:\\\/\\\/www.agoraos.com.br\\\/blog\\\/#\\\/schema\\\/person\\\/765d09633cf12bbd969c6d703e3dbed2\",\"name\":\"Ramiro Cavalcanti\",\"image\":{\"@type\":\"ImageObject\",\"inLanguage\":\"pt-BR\",\"@id\":\"https:\\\/\\\/secure.gravatar.com\\\/avatar\\\/1d260dec26766b2ca1864234d4f3929ac7b5808f18b9d9492804748600987a93?s=96&d=mm&r=g\",\"url\":\"https:\\\/\\\/secure.gravatar.com\\\/avatar\\\/1d260dec26766b2ca1864234d4f3929ac7b5808f18b9d9492804748600987a93?s=96&d=mm&r=g\",\"contentUrl\":\"https:\\\/\\\/secure.gravatar.com\\\/avatar\\\/1d260dec26766b2ca1864234d4f3929ac7b5808f18b9d9492804748600987a93?s=96&d=mm&r=g\",\"caption\":\"Ramiro Cavalcanti\"},\"sameAs\":[\"http:\\\/\\\/www.agoraos.com.br\"],\"url\":\"https:\\\/\\\/www.agoraos.com.br\\\/blog\\\/author\\\/admin\\\/\"}]}<\/script>\n<!-- \/ Yoast SEO plugin. -->","yoast_head_json":{"title":"Reparo de equipamentos eletr\u00f4nicos cresce 28% com rela\u00e7\u00e3o a 2015 - Jornal Hoje - Sistema ERP AgoraOS | BLOG","robots":{"index":"index","follow":"follow","max-snippet":"max-snippet:-1","max-image-preview":"max-image-preview:large","max-video-preview":"max-video-preview:-1"},"canonical":"https:\/\/www.agoraos.com.br\/blog\/reparo-de-equipamentos-eletronicos-cresce-28-com-relacao-2015-jornal-hoje\/","og_locale":"pt_BR","og_type":"article","og_title":"Reparo de equipamentos eletr\u00f4nicos cresce 28% com rela\u00e7\u00e3o a 2015 - Jornal Hoje - Sistema ERP AgoraOS | BLOG","og_description":"Momento est\u00e1 ruim para o com\u00e9rcio, mas est\u00e1 \u00f3timo para oficinas de conserto. Em tempos de crise, consumidor est\u00e1 mudando o comportamento. A crise na economia tem feito muitos consumidores desistirem da compra de aparelhos de eletrodom\u00e9sticos novos e investirem no conserto de produtos. Prova disso \u00e9 que a procura por servi\u00e7os de conserto em [&hellip;]","og_url":"https:\/\/www.agoraos.com.br\/blog\/reparo-de-equipamentos-eletronicos-cresce-28-com-relacao-2015-jornal-hoje\/","og_site_name":"Sistema ERP AgoraOS | BLOG","article_published_time":"2017-01-17T05:40:52+00:00","article_modified_time":"2019-03-30T08:03:55+00:00","og_image":[{"width":1200,"height":800,"url":"https:\/\/www.agoraos.com.br\/blog\/wp-content\/uploads\/2017\/01\/0cliente-1.jpg","type":"image\/jpeg"}],"author":"Ramiro Cavalcanti","twitter_misc":{"Escrito por":"Ramiro Cavalcanti","Est. tempo de leitura":"1 minuto"},"schema":{"@context":"https:\/\/schema.org","@graph":[{"@type":"Article","@id":"https:\/\/www.agoraos.com.br\/blog\/reparo-de-equipamentos-eletronicos-cresce-28-com-relacao-2015-jornal-hoje\/#article","isPartOf":{"@id":"https:\/\/www.agoraos.com.br\/blog\/reparo-de-equipamentos-eletronicos-cresce-28-com-relacao-2015-jornal-hoje\/"},"author":{"name":"Ramiro Cavalcanti","@id":"https:\/\/www.agoraos.com.br\/blog\/#\/schema\/person\/765d09633cf12bbd969c6d703e3dbed2"},"headline":"Reparo de equipamentos eletr\u00f4nicos cresce 28% com rela\u00e7\u00e3o a 2015 &#8211; Jornal Hoje","datePublished":"2017-01-17T05:40:52+00:00","dateModified":"2019-03-30T08:03:55+00:00","mainEntityOfPage":{"@id":"https:\/\/www.agoraos.com.br\/blog\/reparo-de-equipamentos-eletronicos-cresce-28-com-relacao-2015-jornal-hoje\/"},"wordCount":116,"image":{"@id":"https:\/\/www.agoraos.com.br\/blog\/reparo-de-equipamentos-eletronicos-cresce-28-com-relacao-2015-jornal-hoje\/#primaryimage"},"thumbnailUrl":"https:\/\/www.agoraos.com.br\/blog\/wp-content\/uploads\/2017\/01\/0cliente-1.jpg","articleSection":["M\u00f3dulos"],"inLanguage":"pt-BR"},{"@type":"WebPage","@id":"https:\/\/www.agoraos.com.br\/blog\/reparo-de-equipamentos-eletronicos-cresce-28-com-relacao-2015-jornal-hoje\/","url":"https:\/\/www.agoraos.com.br\/blog\/reparo-de-equipamentos-eletronicos-cresce-28-com-relacao-2015-jornal-hoje\/","name":"Reparo de equipamentos eletr\u00f4nicos cresce 28% com rela\u00e7\u00e3o a 2015 - Jornal Hoje - Sistema ERP AgoraOS | BLOG","isPartOf":{"@id":"https:\/\/www.agoraos.com.br\/blog\/#website"},"primaryImageOfPage":{"@id":"https:\/\/www.agoraos.com.br\/blog\/reparo-de-equipamentos-eletronicos-cresce-28-com-relacao-2015-jornal-hoje\/#primaryimage"},"image":{"@id":"https:\/\/www.agoraos.com.br\/blog\/reparo-de-equipamentos-eletronicos-cresce-28-com-relacao-2015-jornal-hoje\/#primaryimage"},"thumbnailUrl":"https:\/\/www.agoraos.com.br\/blog\/wp-content\/uploads\/2017\/01\/0cliente-1.jpg","datePublished":"2017-01-17T05:40:52+00:00","dateModified":"2019-03-30T08:03:55+00:00","author":{"@id":"https:\/\/www.agoraos.com.br\/blog\/#\/schema\/person\/765d09633cf12bbd969c6d703e3dbed2"},"breadcrumb":{"@id":"https:\/\/www.agoraos.com.br\/blog\/reparo-de-equipamentos-eletronicos-cresce-28-com-relacao-2015-jornal-hoje\/#breadcrumb"},"inLanguage":"pt-BR","potentialAction":[{"@type":"ReadAction","target":["https:\/\/www.agoraos.com.br\/blog\/reparo-de-equipamentos-eletronicos-cresce-28-com-relacao-2015-jornal-hoje\/"]}]},{"@type":"ImageObject","inLanguage":"pt-BR","@id":"https:\/\/www.agoraos.com.br\/blog\/reparo-de-equipamentos-eletronicos-cresce-28-com-relacao-2015-jornal-hoje\/#primaryimage","url":"https:\/\/www.agoraos.com.br\/blog\/wp-content\/uploads\/2017\/01\/0cliente-1.jpg","contentUrl":"https:\/\/www.agoraos.com.br\/blog\/wp-content\/uploads\/2017\/01\/0cliente-1.jpg","width":1200,"height":800},{"@type":"BreadcrumbList","@id":"https:\/\/www.agoraos.com.br\/blog\/reparo-de-equipamentos-eletronicos-cresce-28-com-relacao-2015-jornal-hoje\/#breadcrumb","itemListElement":[{"@type":"ListItem","position":1,"name":"Home","item":"https:\/\/www.agoraos.com.br\/blog\/"},{"@type":"ListItem","position":2,"name":"Reparo de equipamentos eletr\u00f4nicos cresce 28% com rela\u00e7\u00e3o a 2015 &#8211; Jornal Hoje"}]},{"@type":"WebSite","@id":"https:\/\/www.agoraos.com.br\/blog\/#website","url":"https:\/\/www.agoraos.com.br\/blog\/","name":"Sistema ERP AgoraOS | BLOG","description":"Blog do software Agora OS","potentialAction":[{"@type":"SearchAction","target":{"@type":"EntryPoint","urlTemplate":"https:\/\/www.agoraos.com.br\/blog\/?s={search_term_string}"},"query-input":{"@type":"PropertyValueSpecification","valueRequired":true,"valueName":"search_term_string"}}],"inLanguage":"pt-BR"},{"@type":"Person","@id":"https:\/\/www.agoraos.com.br\/blog\/#\/schema\/person\/765d09633cf12bbd969c6d703e3dbed2","name":"Ramiro Cavalcanti","image":{"@type":"ImageObject","inLanguage":"pt-BR","@id":"https:\/\/secure.gravatar.com\/avatar\/1d260dec26766b2ca1864234d4f3929ac7b5808f18b9d9492804748600987a93?s=96&d=mm&r=g","url":"https:\/\/secure.gravatar.com\/avatar\/1d260dec26766b2ca1864234d4f3929ac7b5808f18b9d9492804748600987a93?s=96&d=mm&r=g","contentUrl":"https:\/\/secure.gravatar.com\/avatar\/1d260dec26766b2ca1864234d4f3929ac7b5808f18b9d9492804748600987a93?s=96&d=mm&r=g","caption":"Ramiro Cavalcanti"},"sameAs":["http:\/\/www.agoraos.com.br"],"url":"https:\/\/www.agoraos.com.br\/blog\/author\/admin\/"}]}},"_links":{"self":[{"href":"https:\/\/www.agoraos.com.br\/blog\/wp-json\/wp\/v2\/posts\/272","targetHints":{"allow":["GET"]}}],"collection":[{"href":"https:\/\/www.agoraos.com.br\/blog\/wp-json\/wp\/v2\/posts"}],"about":[{"href":"https:\/\/www.agoraos.com.br\/blog\/wp-json\/wp\/v2\/types\/post"}],"author":[{"embeddable":true,"href":"https:\/\/www.agoraos.com.br\/blog\/wp-json\/wp\/v2\/users\/1"}],"replies":[{"embeddable":true,"href":"https:\/\/www.agoraos.com.br\/blog\/wp-json\/wp\/v2\/comments?post=272"}],"version-history":[{"count":3,"href":"https:\/\/www.agoraos.com.br\/blog\/wp-json\/wp\/v2\/posts\/272\/revisions"}],"predecessor-version":[{"id":1249,"href":"https:\/\/www.agoraos.com.br\/blog\/wp-json\/wp\/v2\/posts\/272\/revisions\/1249"}],"wp:featuredmedia":[{"embeddable":true,"href":"https:\/\/www.agoraos.com.br\/blog\/wp-json\/wp\/v2\/media\/280"}],"wp:attachment":[{"href":"https:\/\/www.agoraos.com.br\/blog\/wp-json\/wp\/v2\/media?parent=272"}],"wp:term":[{"taxonomy":"category","embeddable":true,"href":"https:\/\/www.agoraos.com.br\/blog\/wp-json\/wp\/v2\/categories?post=272"},{"taxonomy":"post_tag","embeddable":true,"href":"https:\/\/www.agoraos.com.br\/blog\/wp-json\/wp\/v2\/tags?post=272"}],"curies":[{"name":"wp","href":"https:\/\/api.w.org\/{rel}","templated":true}]}}